{"id":3790,"date":"2015-07-02T14:27:24","date_gmt":"2015-07-02T13:27:24","guid":{"rendered":"https:\/\/work2go.se\/en\/?p=3790"},"modified":"2015-07-02T14:27:24","modified_gmt":"2015-07-02T13:27:24","slug":"book-a-meeting-via-the-mini-calendar","status":"publish","type":"post","link":"https:\/\/work2go.se\/en\/support-en\/calendar\/book-a-meeting-via-the-mini-calendar\/","title":{"rendered":"Book a meeting via the mini calendar"},"content":{"rendered":"<h5>The quickest way to create a new appointment is by clicking on the date in the mini calendar<\/h5>\n<div class=\"woo-sc-hr\"><\/div>\n<p><a href=\"https:\/\/work2go.se\/wp-content\/uploads\/minikalender.png\"><img loading=\"lazy\" class=\"alignright size-full wp-image-1438\" src=\"https:\/\/work2go.se\/wp-content\/uploads\/minikalender.png\" alt=\"minikalender\" width=\"300\" height=\"239\" \/><\/a><span id=\"result_box\" class=\"\" lang=\"en\"><span class=\"hps\">An easy way to<\/span> <span class=\"hps\">book a meeting<\/span> <span class=\"hps atn\">is to right-<\/span>click on <span class=\"hps\">a date<\/span> <span class=\"hps\">in the mini<\/span> <span class=\"hps\">calendar<\/span> <span class=\"hps\">in the bottom left<\/span> corner <span class=\"hps\">and<\/span> <span class=\"hps\">choose<\/span> <span class=\"hps\">that you<\/span> <span class=\"hps\">want to<\/span> <span class=\"hps\">book a meeting<\/span>.<\/p>\n<p><span class=\"hps\">Then you get<\/span> <span class=\"hps\">the option to add<\/span> <span class=\"hps\">the most essential<\/span> <span class=\"hps\">for the meeting<\/span>. <span class=\"hps\">If you<\/span> <span class=\"hps\">want to fill in<\/span> <span class=\"hps\">more<\/span> <span class=\"hps\">details<\/span>, just click <span class=\"hps\">More Information.<\/span><\/span><\/p>\n","protected":false},"excerpt":{"rendered":"<p>The quickest way to create a new appointment is by clicking on the date in the mini calendar An easy way to book a meeting is to right-click on a date in the mini calendar in the bottom left corner and choose that you want to book a meeting. Then you get the option to [&hellip;]<\/p>\n","protected":false},"author":1,"featured_media":0,"comment_status":"closed","ping_status":"closed","sticky":false,"template":"","format":"standard","meta":[],"categories":[62,64],"tags":[],"yoast_head":"<!-- This site is optimized with the Yoast SEO plugin v18.2 - https:\/\/yoast.com\/wordpress\/plugins\/seo\/ -->\n<meta name=\"description\" content=\"Work2Go\u00a0\u00e4r GDPR-s\u00e4ker e-post, kalender, adressb\u00f6cker och uppgiftslistor och kalender med drift och lagring i Sverige!\" \/>\n<meta name=\"robots\" content=\"index, follow, max-snippet:-1, max-image-preview:large, max-video-preview:-1\" \/>\n<link rel=\"canonical\" href=\"https:\/\/work2go.se\/en\/support-en\/calendar\/book-a-meeting-via-the-mini-calendar\/\" \/>\n<meta property=\"og:locale\" content=\"en_US\" \/>\n<meta property=\"og:type\" content=\"article\" \/>\n<meta property=\"og:title\" content=\"Book a meeting via the mini calendar - Work2Go\" \/>\n<meta property=\"og:description\" content=\"Work2Go\u00a0\u00e4r GDPR-s\u00e4ker e-post, kalender, adressb\u00f6cker och uppgiftslistor och kalender med drift och lagring i Sverige!\" \/>\n<meta property=\"og:url\" content=\"https:\/\/work2go.se\/en\/support-en\/calendar\/book-a-meeting-via-the-mini-calendar\/\" \/>\n<meta property=\"og:site_name\" content=\"Work2Go\" \/>\n<meta property=\"article:published_time\" content=\"2015-07-02T13:27:24+00:00\" \/>\n<meta property=\"og:image\" content=\"https:\/\/work2go.se\/wp-content\/uploads\/minikalender.png\" \/>\n<meta name=\"twitter:label1\" content=\"Written by\" \/>\n\t<meta name=\"twitter:data1\" content=\"webbplatsen\" \/>\n<script type=\"application\/ld+json\" class=\"yoast-schema-graph\">{\"@context\":\"https:\/\/schema.org\",\"@graph\":[{\"@type\":\"WebSite\",\"@id\":\"https:\/\/work2go.se\/#website\",\"url\":\"https:\/\/work2go.se\/\",\"name\":\"Work2Go\",\"description\":\"Samarbete och kommunikation p\u00e5 dina villkor\",\"potentialAction\":[{\"@type\":\"SearchAction\",\"target\":{\"@type\":\"EntryPoint\",\"urlTemplate\":\"https:\/\/work2go.se\/?s={search_term_string}\"},\"query-input\":\"required name=search_term_string\"}],\"inLanguage\":\"en-US\"},{\"@type\":\"ImageObject\",\"@id\":\"https:\/\/work2go.se\/en\/support-en\/calendar\/book-a-meeting-via-the-mini-calendar\/#primaryimage\",\"inLanguage\":\"en-US\",\"url\":\"https:\/\/work2go.se\/wp-content\/uploads\/minikalender.png\",\"contentUrl\":\"https:\/\/work2go.se\/wp-content\/uploads\/minikalender.png\",\"width\":300,\"height\":239},{\"@type\":\"WebPage\",\"@id\":\"https:\/\/work2go.se\/en\/support-en\/calendar\/book-a-meeting-via-the-mini-calendar\/#webpage\",\"url\":\"https:\/\/work2go.se\/en\/support-en\/calendar\/book-a-meeting-via-the-mini-calendar\/\",\"name\":\"Book a meeting via the mini calendar - Work2Go\",\"isPartOf\":{\"@id\":\"https:\/\/work2go.se\/#website\"},\"primaryImageOfPage\":{\"@id\":\"https:\/\/work2go.se\/en\/support-en\/calendar\/book-a-meeting-via-the-mini-calendar\/#primaryimage\"},\"datePublished\":\"2015-07-02T13:27:24+00:00\",\"dateModified\":\"2015-07-02T13:27:24+00:00\",\"author\":{\"@id\":\"https:\/\/work2go.se\/#\/schema\/person\/23da956bff3f44cbaca127e93b5f62a4\"},\"description\":\"Work2Go\u00a0\u00e4r GDPR-s\u00e4ker e-post, kalender, adressb\u00f6cker och uppgiftslistor och kalender med drift och lagring i Sverige!\",\"breadcrumb\":{\"@id\":\"https:\/\/work2go.se\/en\/support-en\/calendar\/book-a-meeting-via-the-mini-calendar\/#breadcrumb\"},\"inLanguage\":\"en-US\",\"potentialAction\":[{\"@type\":\"ReadAction\",\"target\":[\"https:\/\/work2go.se\/en\/support-en\/calendar\/book-a-meeting-via-the-mini-calendar\/\"]}]},{\"@type\":\"BreadcrumbList\",\"@id\":\"https:\/\/work2go.se\/en\/support-en\/calendar\/book-a-meeting-via-the-mini-calendar\/#breadcrumb\",\"itemListElement\":[{\"@type\":\"ListItem\",\"position\":1,\"name\":\"Hem\",\"item\":\"https:\/\/work2go.se\/en\/\"},{\"@type\":\"ListItem\",\"position\":2,\"name\":\"Book a meeting via the mini calendar\"}]},{\"@type\":\"Person\",\"@id\":\"https:\/\/work2go.se\/#\/schema\/person\/23da956bff3f44cbaca127e93b5f62a4\",\"name\":\"webbplatsen\",\"image\":{\"@type\":\"ImageObject\",\"@id\":\"https:\/\/work2go.se\/#personlogo\",\"inLanguage\":\"en-US\",\"url\":\"https:\/\/secure.gravatar.com\/avatar\/0ff337dbdedbc56a0a39a93e7e4999f2?s=96&d=mm&r=g\",\"contentUrl\":\"https:\/\/secure.gravatar.com\/avatar\/0ff337dbdedbc56a0a39a93e7e4999f2?s=96&d=mm&r=g\",\"caption\":\"webbplatsen\"},\"url\":\"https:\/\/work2go.se\/en\/author\/webbplatsen\/\"}]}<\/script>\n<!-- \/ Yoast SEO plugin. -->","yoast_head_json":{"description":"Work2Go\u00a0\u00e4r GDPR-s\u00e4ker e-post, kalender, adressb\u00f6cker och uppgiftslistor och kalender med drift och lagring i Sverige!","robots":{"index":"index","follow":"follow","max-snippet":"max-snippet:-1","max-image-preview":"max-image-preview:large","max-video-preview":"max-video-preview:-1"},"canonical":"https:\/\/work2go.se\/en\/support-en\/calendar\/book-a-meeting-via-the-mini-calendar\/","og_locale":"en_US","og_type":"article","og_title":"Book a meeting via the mini calendar - Work2Go","og_description":"Work2Go\u00a0\u00e4r GDPR-s\u00e4ker e-post, kalender, adressb\u00f6cker och uppgiftslistor och kalender med drift och lagring i Sverige!","og_url":"https:\/\/work2go.se\/en\/support-en\/calendar\/book-a-meeting-via-the-mini-calendar\/","og_site_name":"Work2Go","article_published_time":"2015-07-02T13:27:24+00:00","og_image":[{"url":"https:\/\/work2go.se\/wp-content\/uploads\/minikalender.png"}],"twitter_misc":{"Written by":"webbplatsen"},"schema":{"@context":"https:\/\/schema.org","@graph":[{"@type":"WebSite","@id":"https:\/\/work2go.se\/#website","url":"https:\/\/work2go.se\/","name":"Work2Go","description":"Samarbete och kommunikation p\u00e5 dina villkor","potentialAction":[{"@type":"SearchAction","target":{"@type":"EntryPoint","urlTemplate":"https:\/\/work2go.se\/?s={search_term_string}"},"query-input":"required name=search_term_string"}],"inLanguage":"en-US"},{"@type":"ImageObject","@id":"https:\/\/work2go.se\/en\/support-en\/calendar\/book-a-meeting-via-the-mini-calendar\/#primaryimage","inLanguage":"en-US","url":"https:\/\/work2go.se\/wp-content\/uploads\/minikalender.png","contentUrl":"https:\/\/work2go.se\/wp-content\/uploads\/minikalender.png","width":300,"height":239},{"@type":"WebPage","@id":"https:\/\/work2go.se\/en\/support-en\/calendar\/book-a-meeting-via-the-mini-calendar\/#webpage","url":"https:\/\/work2go.se\/en\/support-en\/calendar\/book-a-meeting-via-the-mini-calendar\/","name":"Book a meeting via the mini calendar - Work2Go","isPartOf":{"@id":"https:\/\/work2go.se\/#website"},"primaryImageOfPage":{"@id":"https:\/\/work2go.se\/en\/support-en\/calendar\/book-a-meeting-via-the-mini-calendar\/#primaryimage"},"datePublished":"2015-07-02T13:27:24+00:00","dateModified":"2015-07-02T13:27:24+00:00","author":{"@id":"https:\/\/work2go.se\/#\/schema\/person\/23da956bff3f44cbaca127e93b5f62a4"},"description":"Work2Go\u00a0\u00e4r GDPR-s\u00e4ker e-post, kalender, adressb\u00f6cker och uppgiftslistor och kalender med drift och lagring i Sverige!","breadcrumb":{"@id":"https:\/\/work2go.se\/en\/support-en\/calendar\/book-a-meeting-via-the-mini-calendar\/#breadcrumb"},"inLanguage":"en-US","potentialAction":[{"@type":"ReadAction","target":["https:\/\/work2go.se\/en\/support-en\/calendar\/book-a-meeting-via-the-mini-calendar\/"]}]},{"@type":"BreadcrumbList","@id":"https:\/\/work2go.se\/en\/support-en\/calendar\/book-a-meeting-via-the-mini-calendar\/#breadcrumb","itemListElement":[{"@type":"ListItem","position":1,"name":"Hem","item":"https:\/\/work2go.se\/en\/"},{"@type":"ListItem","position":2,"name":"Book a meeting via the mini calendar"}]},{"@type":"Person","@id":"https:\/\/work2go.se\/#\/schema\/person\/23da956bff3f44cbaca127e93b5f62a4","name":"webbplatsen","image":{"@type":"ImageObject","@id":"https:\/\/work2go.se\/#personlogo","inLanguage":"en-US","url":"https:\/\/secure.gravatar.com\/avatar\/0ff337dbdedbc56a0a39a93e7e4999f2?s=96&d=mm&r=g","contentUrl":"https:\/\/secure.gravatar.com\/avatar\/0ff337dbdedbc56a0a39a93e7e4999f2?s=96&d=mm&r=g","caption":"webbplatsen"},"url":"https:\/\/work2go.se\/en\/author\/webbplatsen\/"}]}},"_links":{"self":[{"href":"https:\/\/work2go.se\/en\/wp-json\/wp\/v2\/posts\/3790"}],"collection":[{"href":"https:\/\/work2go.se\/en\/wp-json\/wp\/v2\/posts"}],"about":[{"href":"https:\/\/work2go.se\/en\/wp-json\/wp\/v2\/types\/post"}],"author":[{"embeddable":true,"href":"https:\/\/work2go.se\/en\/wp-json\/wp\/v2\/users\/1"}],"replies":[{"embeddable":true,"href":"https:\/\/work2go.se\/en\/wp-json\/wp\/v2\/comments?post=3790"}],"version-history":[{"count":2,"href":"https:\/\/work2go.se\/en\/wp-json\/wp\/v2\/posts\/3790\/revisions"}],"predecessor-version":[{"id":3792,"href":"https:\/\/work2go.se\/en\/wp-json\/wp\/v2\/posts\/3790\/revisions\/3792"}],"wp:attachment":[{"href":"https:\/\/work2go.se\/en\/wp-json\/wp\/v2\/media?parent=3790"}],"wp:term":[{"taxonomy":"category","embeddable":true,"href":"https:\/\/work2go.se\/en\/wp-json\/wp\/v2\/categories?post=3790"},{"taxonomy":"post_tag","embeddable":true,"href":"https:\/\/work2go.se\/en\/wp-json\/wp\/v2\/tags?post=3790"}],"curies":[{"name":"wp","href":"https:\/\/api.w.org\/{rel}","templated":true}]}}