{"id":3868,"date":"2016-06-14T10:05:00","date_gmt":"2016-06-14T09:05:00","guid":{"rendered":"https:\/\/work2go.se\/en\/?p=3868"},"modified":"2020-12-21T13:55:06","modified_gmt":"2020-12-21T12:55:06","slug":"how-far-back-do-you-want-to-synchronize-e-mails-in-iphone-pro","status":"publish","type":"post","link":"https:\/\/work2go.se\/en\/support-en\/iphone-en\/how-far-back-do-you-want-to-synchronize-e-mails-in-iphone-pro\/","title":{"rendered":"How far back do you want to synchronize e-mails in iPhone? [PRO]"},"content":{"rendered":"<h5>If you do not think you need to access all your emails from your mobile, we recommend that you make this setting. The fewer days, the more you can save on your battery consumption.<\/h5>\n<div class=\"woo-sc-hr\"><\/div>\n<p><div class=\"shortcode-toggle toggle-this-requires-work2go-pro closed default border\"><h4 class=\"toggle-trigger\"><a href=\"#\">This requires Work2Go Pro<\/a><\/h4>\n<div class=\"toggle-content\">If you don&#8217;t have Pro today, you can upgrade by contacting <a href=\"https:\/\/work2go.se\/en\/contact-us\/\">our support.<\/a><\/div><!--\/.toggle-content-->\n<input type=\"hidden\" name=\"title_open\" value=\"This requires Work2Go Pro\" \/><input type=\"hidden\" name=\"title_closed\" value=\"This requires Work2Go Pro\" \/><\/div><!--\/.shortcode-toggle--><a href=\"https:\/\/work2go.se\/wp-content\/uploads\/mail_grans.jpg\"><img loading=\"lazy\" class=\"xs-image alignright wp-image-5384 size-thumbnail\" src=\"https:\/\/work2go.se\/wp-content\/uploads\/mail_grans-150x150.jpg\" alt=\"\" width=\"150\" height=\"150\" \/><\/a><\/p>\n<ol>\n<li><span id=\"result_box\" class=\"\" lang=\"en\">Go to Settings&gt; Passwords and accounts&gt; Select account.<\/span><\/li>\n<li><span id=\"result_box\" class=\"\" lang=\"en\"><span class=\"\">You will now see the general settings of the account. Click Mail Days to sync to choose how long back you want to sync email to your mobile.<\/span><\/span><\/li>\n<\/ol>\n","protected":false},"excerpt":{"rendered":"<p>If you do not think you need to access all your emails from your mobile, we recommend that you make this setting. The fewer days, the more you can save on your battery consumption. Go to Settings&gt; Passwords and accounts&gt; Select account. You will now see the general settings of the account. Click Mail Days [&hellip;]<\/p>\n","protected":false},"author":1,"featured_media":0,"comment_status":"closed","ping_status":"closed","sticky":false,"template":"","format":"standard","meta":[],"categories":[61],"tags":[],"yoast_head":"<!-- This site is optimized with the Yoast SEO plugin v18.2 - https:\/\/yoast.com\/wordpress\/plugins\/seo\/ -->\n<meta name=\"description\" content=\"Work2Go\u00a0\u00e4r GDPR-s\u00e4ker e-post, kalender, adressb\u00f6cker och uppgiftslistor och kalender med drift och lagring i Sverige!\" \/>\n<meta name=\"robots\" content=\"index, follow, max-snippet:-1, max-image-preview:large, max-video-preview:-1\" \/>\n<link rel=\"canonical\" href=\"https:\/\/work2go.se\/en\/support-en\/iphone-en\/how-far-back-do-you-want-to-synchronize-e-mails-in-iphone-pro\/\" \/>\n<meta property=\"og:locale\" content=\"en_US\" \/>\n<meta property=\"og:type\" content=\"article\" \/>\n<meta property=\"og:title\" content=\"How far back do you want to synchronize e-mails in iPhone? [PRO] - Work2Go\" \/>\n<meta property=\"og:description\" content=\"Work2Go\u00a0\u00e4r GDPR-s\u00e4ker e-post, kalender, adressb\u00f6cker och uppgiftslistor och kalender med drift och lagring i Sverige!\" \/>\n<meta property=\"og:url\" content=\"https:\/\/work2go.se\/en\/support-en\/iphone-en\/how-far-back-do-you-want-to-synchronize-e-mails-in-iphone-pro\/\" \/>\n<meta property=\"og:site_name\" content=\"Work2Go\" \/>\n<meta property=\"article:published_time\" content=\"2016-06-14T09:05:00+00:00\" \/>\n<meta property=\"article:modified_time\" content=\"2020-12-21T12:55:06+00:00\" \/>\n<meta property=\"og:image\" content=\"https:\/\/work2go.se\/wp-content\/uploads\/mail_grans-150x150.jpg\" \/>\n<meta name=\"twitter:label1\" content=\"Written by\" \/>\n\t<meta name=\"twitter:data1\" content=\"webbplatsen\" \/>\n\t<meta name=\"twitter:label2\" content=\"Est. reading time\" \/>\n\t<meta name=\"twitter:data2\" content=\"1 minute\" \/>\n<script type=\"application\/ld+json\" class=\"yoast-schema-graph\">{\"@context\":\"https:\/\/schema.org\",\"@graph\":[{\"@type\":\"WebSite\",\"@id\":\"https:\/\/work2go.se\/#website\",\"url\":\"https:\/\/work2go.se\/\",\"name\":\"Work2Go\",\"description\":\"Samarbete och kommunikation p\u00e5 dina villkor\",\"potentialAction\":[{\"@type\":\"SearchAction\",\"target\":{\"@type\":\"EntryPoint\",\"urlTemplate\":\"https:\/\/work2go.se\/?s={search_term_string}\"},\"query-input\":\"required name=search_term_string\"}],\"inLanguage\":\"en-US\"},{\"@type\":\"ImageObject\",\"@id\":\"https:\/\/work2go.se\/en\/support-en\/iphone-en\/how-far-back-do-you-want-to-synchronize-e-mails-in-iphone-pro\/#primaryimage\",\"inLanguage\":\"en-US\",\"url\":\"https:\/\/work2go.se\/wp-content\/uploads\/mail_grans.jpg\",\"contentUrl\":\"https:\/\/work2go.se\/wp-content\/uploads\/mail_grans.jpg\",\"width\":1240,\"height\":1933},{\"@type\":\"WebPage\",\"@id\":\"https:\/\/work2go.se\/en\/support-en\/iphone-en\/how-far-back-do-you-want-to-synchronize-e-mails-in-iphone-pro\/#webpage\",\"url\":\"https:\/\/work2go.se\/en\/support-en\/iphone-en\/how-far-back-do-you-want-to-synchronize-e-mails-in-iphone-pro\/\",\"name\":\"How far back do you want to synchronize e-mails in iPhone? [PRO] - Work2Go\",\"isPartOf\":{\"@id\":\"https:\/\/work2go.se\/#website\"},\"primaryImageOfPage\":{\"@id\":\"https:\/\/work2go.se\/en\/support-en\/iphone-en\/how-far-back-do-you-want-to-synchronize-e-mails-in-iphone-pro\/#primaryimage\"},\"datePublished\":\"2016-06-14T09:05:00+00:00\",\"dateModified\":\"2020-12-21T12:55:06+00:00\",\"author\":{\"@id\":\"https:\/\/work2go.se\/#\/schema\/person\/23da956bff3f44cbaca127e93b5f62a4\"},\"description\":\"Work2Go\u00a0\u00e4r GDPR-s\u00e4ker e-post, kalender, adressb\u00f6cker och uppgiftslistor och kalender med drift och lagring i Sverige!\",\"breadcrumb\":{\"@id\":\"https:\/\/work2go.se\/en\/support-en\/iphone-en\/how-far-back-do-you-want-to-synchronize-e-mails-in-iphone-pro\/#breadcrumb\"},\"inLanguage\":\"en-US\",\"potentialAction\":[{\"@type\":\"ReadAction\",\"target\":[\"https:\/\/work2go.se\/en\/support-en\/iphone-en\/how-far-back-do-you-want-to-synchronize-e-mails-in-iphone-pro\/\"]}]},{\"@type\":\"BreadcrumbList\",\"@id\":\"https:\/\/work2go.se\/en\/support-en\/iphone-en\/how-far-back-do-you-want-to-synchronize-e-mails-in-iphone-pro\/#breadcrumb\",\"itemListElement\":[{\"@type\":\"ListItem\",\"position\":1,\"name\":\"Hem\",\"item\":\"https:\/\/work2go.se\/en\/\"},{\"@type\":\"ListItem\",\"position\":2,\"name\":\"How far back do you want to synchronize e-mails in iPhone? [PRO]\"}]},{\"@type\":\"Person\",\"@id\":\"https:\/\/work2go.se\/#\/schema\/person\/23da956bff3f44cbaca127e93b5f62a4\",\"name\":\"webbplatsen\",\"image\":{\"@type\":\"ImageObject\",\"@id\":\"https:\/\/work2go.se\/#personlogo\",\"inLanguage\":\"en-US\",\"url\":\"https:\/\/secure.gravatar.com\/avatar\/0ff337dbdedbc56a0a39a93e7e4999f2?s=96&d=mm&r=g\",\"contentUrl\":\"https:\/\/secure.gravatar.com\/avatar\/0ff337dbdedbc56a0a39a93e7e4999f2?s=96&d=mm&r=g\",\"caption\":\"webbplatsen\"},\"url\":\"https:\/\/work2go.se\/en\/author\/webbplatsen\/\"}]}<\/script>\n<!-- \/ Yoast SEO plugin. -->","yoast_head_json":{"description":"Work2Go\u00a0\u00e4r GDPR-s\u00e4ker e-post, kalender, adressb\u00f6cker och uppgiftslistor och kalender med drift och lagring i Sverige!","robots":{"index":"index","follow":"follow","max-snippet":"max-snippet:-1","max-image-preview":"max-image-preview:large","max-video-preview":"max-video-preview:-1"},"canonical":"https:\/\/work2go.se\/en\/support-en\/iphone-en\/how-far-back-do-you-want-to-synchronize-e-mails-in-iphone-pro\/","og_locale":"en_US","og_type":"article","og_title":"How far back do you want to synchronize e-mails in iPhone? [PRO] - Work2Go","og_description":"Work2Go\u00a0\u00e4r GDPR-s\u00e4ker e-post, kalender, adressb\u00f6cker och uppgiftslistor och kalender med drift och lagring i Sverige!","og_url":"https:\/\/work2go.se\/en\/support-en\/iphone-en\/how-far-back-do-you-want-to-synchronize-e-mails-in-iphone-pro\/","og_site_name":"Work2Go","article_published_time":"2016-06-14T09:05:00+00:00","article_modified_time":"2020-12-21T12:55:06+00:00","og_image":[{"url":"https:\/\/work2go.se\/wp-content\/uploads\/mail_grans-150x150.jpg"}],"twitter_misc":{"Written by":"webbplatsen","Est. reading time":"1 minute"},"schema":{"@context":"https:\/\/schema.org","@graph":[{"@type":"WebSite","@id":"https:\/\/work2go.se\/#website","url":"https:\/\/work2go.se\/","name":"Work2Go","description":"Samarbete och kommunikation p\u00e5 dina villkor","potentialAction":[{"@type":"SearchAction","target":{"@type":"EntryPoint","urlTemplate":"https:\/\/work2go.se\/?s={search_term_string}"},"query-input":"required name=search_term_string"}],"inLanguage":"en-US"},{"@type":"ImageObject","@id":"https:\/\/work2go.se\/en\/support-en\/iphone-en\/how-far-back-do-you-want-to-synchronize-e-mails-in-iphone-pro\/#primaryimage","inLanguage":"en-US","url":"https:\/\/work2go.se\/wp-content\/uploads\/mail_grans.jpg","contentUrl":"https:\/\/work2go.se\/wp-content\/uploads\/mail_grans.jpg","width":1240,"height":1933},{"@type":"WebPage","@id":"https:\/\/work2go.se\/en\/support-en\/iphone-en\/how-far-back-do-you-want-to-synchronize-e-mails-in-iphone-pro\/#webpage","url":"https:\/\/work2go.se\/en\/support-en\/iphone-en\/how-far-back-do-you-want-to-synchronize-e-mails-in-iphone-pro\/","name":"How far back do you want to synchronize e-mails in iPhone? [PRO] - Work2Go","isPartOf":{"@id":"https:\/\/work2go.se\/#website"},"primaryImageOfPage":{"@id":"https:\/\/work2go.se\/en\/support-en\/iphone-en\/how-far-back-do-you-want-to-synchronize-e-mails-in-iphone-pro\/#primaryimage"},"datePublished":"2016-06-14T09:05:00+00:00","dateModified":"2020-12-21T12:55:06+00:00","author":{"@id":"https:\/\/work2go.se\/#\/schema\/person\/23da956bff3f44cbaca127e93b5f62a4"},"description":"Work2Go\u00a0\u00e4r GDPR-s\u00e4ker e-post, kalender, adressb\u00f6cker och uppgiftslistor och kalender med drift och lagring i Sverige!","breadcrumb":{"@id":"https:\/\/work2go.se\/en\/support-en\/iphone-en\/how-far-back-do-you-want-to-synchronize-e-mails-in-iphone-pro\/#breadcrumb"},"inLanguage":"en-US","potentialAction":[{"@type":"ReadAction","target":["https:\/\/work2go.se\/en\/support-en\/iphone-en\/how-far-back-do-you-want-to-synchronize-e-mails-in-iphone-pro\/"]}]},{"@type":"BreadcrumbList","@id":"https:\/\/work2go.se\/en\/support-en\/iphone-en\/how-far-back-do-you-want-to-synchronize-e-mails-in-iphone-pro\/#breadcrumb","itemListElement":[{"@type":"ListItem","position":1,"name":"Hem","item":"https:\/\/work2go.se\/en\/"},{"@type":"ListItem","position":2,"name":"How far back do you want to synchronize e-mails in iPhone? [PRO]"}]},{"@type":"Person","@id":"https:\/\/work2go.se\/#\/schema\/person\/23da956bff3f44cbaca127e93b5f62a4","name":"webbplatsen","image":{"@type":"ImageObject","@id":"https:\/\/work2go.se\/#personlogo","inLanguage":"en-US","url":"https:\/\/secure.gravatar.com\/avatar\/0ff337dbdedbc56a0a39a93e7e4999f2?s=96&d=mm&r=g","contentUrl":"https:\/\/secure.gravatar.com\/avatar\/0ff337dbdedbc56a0a39a93e7e4999f2?s=96&d=mm&r=g","caption":"webbplatsen"},"url":"https:\/\/work2go.se\/en\/author\/webbplatsen\/"}]}},"_links":{"self":[{"href":"https:\/\/work2go.se\/en\/wp-json\/wp\/v2\/posts\/3868"}],"collection":[{"href":"https:\/\/work2go.se\/en\/wp-json\/wp\/v2\/posts"}],"about":[{"href":"https:\/\/work2go.se\/en\/wp-json\/wp\/v2\/types\/post"}],"author":[{"embeddable":true,"href":"https:\/\/work2go.se\/en\/wp-json\/wp\/v2\/users\/1"}],"replies":[{"embeddable":true,"href":"https:\/\/work2go.se\/en\/wp-json\/wp\/v2\/comments?post=3868"}],"version-history":[{"count":3,"href":"https:\/\/work2go.se\/en\/wp-json\/wp\/v2\/posts\/3868\/revisions"}],"predecessor-version":[{"id":5419,"href":"https:\/\/work2go.se\/en\/wp-json\/wp\/v2\/posts\/3868\/revisions\/5419"}],"wp:attachment":[{"href":"https:\/\/work2go.se\/en\/wp-json\/wp\/v2\/media?parent=3868"}],"wp:term":[{"taxonomy":"category","embeddable":true,"href":"https:\/\/work2go.se\/en\/wp-json\/wp\/v2\/categories?post=3868"},{"taxonomy":"post_tag","embeddable":true,"href":"https:\/\/work2go.se\/en\/wp-json\/wp\/v2\/tags?post=3868"}],"curies":[{"name":"wp","href":"https:\/\/api.w.org\/{rel}","templated":true}]}}