{"id":3960,"date":"2015-07-06T10:29:53","date_gmt":"2015-07-06T09:29:53","guid":{"rendered":"https:\/\/work2go.se\/en\/?p=3960"},"modified":"2015-07-06T10:29:53","modified_gmt":"2015-07-06T09:29:53","slug":"preferences-for-the-calendar","status":"publish","type":"post","link":"https:\/\/work2go.se\/en\/support-en\/calendar\/preferences-for-the-calendar\/","title":{"rendered":"Preferences for the calendar"},"content":{"rendered":"<h5><span id=\"result_box\" class=\"\" lang=\"en\"><span class=\"hps\">Information about the<\/span> <span class=\"hps\">different<\/span> <span class=\"hps\">settings that<\/span> <span class=\"hps\">you<\/span> <span class=\"hps\">can do for your<\/span> <span class=\"hps\">calendar on<\/span> <span class=\"hps\">your account.<\/span><\/span><\/h5>\n<p>At Preferences &gt; Calendar you decide how you want your Calendar to appear and how activities should be managed.<\/p>\n<h3>General<\/h3>\n<ul>\n<li>Select the default view of your Calendar: monthly, weekly, daily, as a list or schedule.<\/li>\n<li>Set which day your week should start with.<\/li>\n<li>Decide if your appointments should be set as public or private by default. (You can always modify this when creating a new Calendar.) When you receive Calendar invitations, they are marked as public if you have chosen public here. When private is selected, invitations will be marked as private instead.<\/li>\n<li>Choose if you want your mini Calendar to be visible or not.<\/li>\n<li>Decide if the week number should be visible.<\/li>\n<li>Choose whether received invitations should be added to your Calendar automatically. If this option is selected, you can accept invitations from both e-mails and from your Calendar. If you haven&#8217;t selected this option you can only accept invitations by e-mail.<\/li>\n<li>Enable if you want to delegate your Calendar for an Apple iCal CalDAV client.<\/li>\n<li>Select whether e-mailed invitations should be removed when you have answered it.<\/li>\n<li>Forward invitation e-mails to another email address.<\/li>\n<li>How and when reminders for appointments should be displayed.<\/li>\n<\/ul>\n<h3 dir=\"ltr\"><span id=\"result_box\" class=\"short_text\" lang=\"en\"><span class=\"hps\">Work week and<\/span> <span class=\"hps\">hours<\/span><\/span><\/h3>\n<ul>\n<li>Set how your work usually looks like to simplify meeting bookings.<\/li>\n<\/ul>\n<h3>Creating Appointments<\/h3>\n<ul>\n<li>Use the QuickAdd dialogue when creating new appointments. This is very useful if you create a lot of appointments that only include yourself.<\/li>\n<li>Show timezone list in appointment view, which makes it more clear for you when you schedule meetings with people in different time zones.<\/li>\n<\/ul>\n<h3>Permissions<\/h3>\n<p><span id=\"result_box\" class=\"\" lang=\"en\"><span class=\"hps\">You can<\/span> <span class=\"hps\">only<\/span> <span class=\"hps\">make settings for<\/span> <span class=\"hps\">persons of<\/span> <span class=\"hps\">the same organization<\/span> <span class=\"hps\">(using the same<\/span> <span class=\"hps\">domain in the<\/span> <span class=\"hps\">e-mail address<\/span>) as <span class=\"hps\">you<\/span>. <span class=\"hps\">You can use<\/span> <span class=\"hps\">the<\/span> <span class=\"hps\">full email address<\/span> <span class=\"hps\">or just<\/span> <span class=\"hps\">the username of the<\/span> <span class=\"hps\">\/<\/span> <span class=\"hps\">those<\/span> <span class=\"hps\">you want to specify<\/span> <span class=\"hps\">permissions.<\/span><\/span><\/p>\n<ul>\n<li><span id=\"result_box\" class=\"\" lang=\"en\"><span class=\"hps\">Set whether users should be allowed to see your free \/ busy time.<br \/>\n<\/span><\/span><\/li>\n<li><span id=\"result_box\" class=\"\" lang=\"en\"><span class=\"hps\">Specify who can invite you to meetings, all or certain users.<br \/>\n<\/span><\/span><\/li>\n<li><span id=\"result_box\" class=\"\" lang=\"en\"><span class=\"hps\">If you limit who can invite you, you can also choose to send an automatic reply message to let them know that they do not have permission to invite you.<\/span><\/span><\/li>\n<\/ul>\n<h3>Apple iCal<\/h3>\n<ul>\n<li>Enable to be able to see a calendar in Apple iCal.<\/li>\n<\/ul>\n<p>&nbsp;<\/p>\n","protected":false},"excerpt":{"rendered":"<p>Information about the different settings that you can do for your calendar on your account. At Preferences &gt; Calendar you decide how you want your Calendar to appear and how activities should be managed. General Select the default view of your Calendar: monthly, weekly, daily, as a list or schedule. Set which day your week [&hellip;]<\/p>\n","protected":false},"author":1,"featured_media":0,"comment_status":"closed","ping_status":"closed","sticky":false,"template":"","format":"standard","meta":[],"categories":[63,62],"tags":[],"yoast_head":"<!-- This site is optimized with the Yoast SEO plugin v18.2 - https:\/\/yoast.com\/wordpress\/plugins\/seo\/ -->\n<meta name=\"description\" content=\"Work2Go\u00a0\u00e4r GDPR-s\u00e4ker e-post, kalender, adressb\u00f6cker och uppgiftslistor och kalender med drift och lagring i Sverige!\" \/>\n<meta name=\"robots\" content=\"index, follow, max-snippet:-1, max-image-preview:large, max-video-preview:-1\" \/>\n<link rel=\"canonical\" href=\"https:\/\/work2go.se\/en\/support-en\/calendar\/preferences-for-the-calendar\/\" \/>\n<meta property=\"og:locale\" content=\"en_US\" \/>\n<meta property=\"og:type\" content=\"article\" \/>\n<meta property=\"og:title\" content=\"Preferences for the calendar - Work2Go\" \/>\n<meta property=\"og:description\" content=\"Work2Go\u00a0\u00e4r GDPR-s\u00e4ker e-post, kalender, adressb\u00f6cker och uppgiftslistor och kalender med drift och lagring i Sverige!\" \/>\n<meta property=\"og:url\" content=\"https:\/\/work2go.se\/en\/support-en\/calendar\/preferences-for-the-calendar\/\" \/>\n<meta property=\"og:site_name\" content=\"Work2Go\" \/>\n<meta property=\"article:published_time\" content=\"2015-07-06T09:29:53+00:00\" \/>\n<meta name=\"twitter:label1\" content=\"Written by\" \/>\n\t<meta name=\"twitter:data1\" content=\"webbplatsen\" \/>\n\t<meta name=\"twitter:label2\" content=\"Est. reading time\" \/>\n\t<meta name=\"twitter:data2\" content=\"2 minutes\" \/>\n<script type=\"application\/ld+json\" class=\"yoast-schema-graph\">{\"@context\":\"https:\/\/schema.org\",\"@graph\":[{\"@type\":\"WebSite\",\"@id\":\"https:\/\/work2go.se\/#website\",\"url\":\"https:\/\/work2go.se\/\",\"name\":\"Work2Go\",\"description\":\"Samarbete och kommunikation p\u00e5 dina villkor\",\"potentialAction\":[{\"@type\":\"SearchAction\",\"target\":{\"@type\":\"EntryPoint\",\"urlTemplate\":\"https:\/\/work2go.se\/?s={search_term_string}\"},\"query-input\":\"required name=search_term_string\"}],\"inLanguage\":\"en-US\"},{\"@type\":\"WebPage\",\"@id\":\"https:\/\/work2go.se\/en\/support-en\/calendar\/preferences-for-the-calendar\/#webpage\",\"url\":\"https:\/\/work2go.se\/en\/support-en\/calendar\/preferences-for-the-calendar\/\",\"name\":\"Preferences for the calendar - Work2Go\",\"isPartOf\":{\"@id\":\"https:\/\/work2go.se\/#website\"},\"datePublished\":\"2015-07-06T09:29:53+00:00\",\"dateModified\":\"2015-07-06T09:29:53+00:00\",\"author\":{\"@id\":\"https:\/\/work2go.se\/#\/schema\/person\/23da956bff3f44cbaca127e93b5f62a4\"},\"description\":\"Work2Go\u00a0\u00e4r GDPR-s\u00e4ker e-post, kalender, adressb\u00f6cker och uppgiftslistor och kalender med drift och lagring i Sverige!\",\"breadcrumb\":{\"@id\":\"https:\/\/work2go.se\/en\/support-en\/calendar\/preferences-for-the-calendar\/#breadcrumb\"},\"inLanguage\":\"en-US\",\"potentialAction\":[{\"@type\":\"ReadAction\",\"target\":[\"https:\/\/work2go.se\/en\/support-en\/calendar\/preferences-for-the-calendar\/\"]}]},{\"@type\":\"BreadcrumbList\",\"@id\":\"https:\/\/work2go.se\/en\/support-en\/calendar\/preferences-for-the-calendar\/#breadcrumb\",\"itemListElement\":[{\"@type\":\"ListItem\",\"position\":1,\"name\":\"Hem\",\"item\":\"https:\/\/work2go.se\/en\/\"},{\"@type\":\"ListItem\",\"position\":2,\"name\":\"Preferences for the calendar\"}]},{\"@type\":\"Person\",\"@id\":\"https:\/\/work2go.se\/#\/schema\/person\/23da956bff3f44cbaca127e93b5f62a4\",\"name\":\"webbplatsen\",\"image\":{\"@type\":\"ImageObject\",\"@id\":\"https:\/\/work2go.se\/#personlogo\",\"inLanguage\":\"en-US\",\"url\":\"https:\/\/secure.gravatar.com\/avatar\/0ff337dbdedbc56a0a39a93e7e4999f2?s=96&d=mm&r=g\",\"contentUrl\":\"https:\/\/secure.gravatar.com\/avatar\/0ff337dbdedbc56a0a39a93e7e4999f2?s=96&d=mm&r=g\",\"caption\":\"webbplatsen\"},\"url\":\"https:\/\/work2go.se\/en\/author\/webbplatsen\/\"}]}<\/script>\n<!-- \/ Yoast SEO plugin. -->","yoast_head_json":{"description":"Work2Go\u00a0\u00e4r GDPR-s\u00e4ker e-post, kalender, adressb\u00f6cker och uppgiftslistor och kalender med drift och lagring i Sverige!","robots":{"index":"index","follow":"follow","max-snippet":"max-snippet:-1","max-image-preview":"max-image-preview:large","max-video-preview":"max-video-preview:-1"},"canonical":"https:\/\/work2go.se\/en\/support-en\/calendar\/preferences-for-the-calendar\/","og_locale":"en_US","og_type":"article","og_title":"Preferences for the calendar - Work2Go","og_description":"Work2Go\u00a0\u00e4r GDPR-s\u00e4ker e-post, kalender, adressb\u00f6cker och uppgiftslistor och kalender med drift och lagring i Sverige!","og_url":"https:\/\/work2go.se\/en\/support-en\/calendar\/preferences-for-the-calendar\/","og_site_name":"Work2Go","article_published_time":"2015-07-06T09:29:53+00:00","twitter_misc":{"Written by":"webbplatsen","Est. reading time":"2 minutes"},"schema":{"@context":"https:\/\/schema.org","@graph":[{"@type":"WebSite","@id":"https:\/\/work2go.se\/#website","url":"https:\/\/work2go.se\/","name":"Work2Go","description":"Samarbete och kommunikation p\u00e5 dina villkor","potentialAction":[{"@type":"SearchAction","target":{"@type":"EntryPoint","urlTemplate":"https:\/\/work2go.se\/?s={search_term_string}"},"query-input":"required name=search_term_string"}],"inLanguage":"en-US"},{"@type":"WebPage","@id":"https:\/\/work2go.se\/en\/support-en\/calendar\/preferences-for-the-calendar\/#webpage","url":"https:\/\/work2go.se\/en\/support-en\/calendar\/preferences-for-the-calendar\/","name":"Preferences for the calendar - Work2Go","isPartOf":{"@id":"https:\/\/work2go.se\/#website"},"datePublished":"2015-07-06T09:29:53+00:00","dateModified":"2015-07-06T09:29:53+00:00","author":{"@id":"https:\/\/work2go.se\/#\/schema\/person\/23da956bff3f44cbaca127e93b5f62a4"},"description":"Work2Go\u00a0\u00e4r GDPR-s\u00e4ker e-post, kalender, adressb\u00f6cker och uppgiftslistor och kalender med drift och lagring i Sverige!","breadcrumb":{"@id":"https:\/\/work2go.se\/en\/support-en\/calendar\/preferences-for-the-calendar\/#breadcrumb"},"inLanguage":"en-US","potentialAction":[{"@type":"ReadAction","target":["https:\/\/work2go.se\/en\/support-en\/calendar\/preferences-for-the-calendar\/"]}]},{"@type":"BreadcrumbList","@id":"https:\/\/work2go.se\/en\/support-en\/calendar\/preferences-for-the-calendar\/#breadcrumb","itemListElement":[{"@type":"ListItem","position":1,"name":"Hem","item":"https:\/\/work2go.se\/en\/"},{"@type":"ListItem","position":2,"name":"Preferences for the calendar"}]},{"@type":"Person","@id":"https:\/\/work2go.se\/#\/schema\/person\/23da956bff3f44cbaca127e93b5f62a4","name":"webbplatsen","image":{"@type":"ImageObject","@id":"https:\/\/work2go.se\/#personlogo","inLanguage":"en-US","url":"https:\/\/secure.gravatar.com\/avatar\/0ff337dbdedbc56a0a39a93e7e4999f2?s=96&d=mm&r=g","contentUrl":"https:\/\/secure.gravatar.com\/avatar\/0ff337dbdedbc56a0a39a93e7e4999f2?s=96&d=mm&r=g","caption":"webbplatsen"},"url":"https:\/\/work2go.se\/en\/author\/webbplatsen\/"}]}},"_links":{"self":[{"href":"https:\/\/work2go.se\/en\/wp-json\/wp\/v2\/posts\/3960"}],"collection":[{"href":"https:\/\/work2go.se\/en\/wp-json\/wp\/v2\/posts"}],"about":[{"href":"https:\/\/work2go.se\/en\/wp-json\/wp\/v2\/types\/post"}],"author":[{"embeddable":true,"href":"https:\/\/work2go.se\/en\/wp-json\/wp\/v2\/users\/1"}],"replies":[{"embeddable":true,"href":"https:\/\/work2go.se\/en\/wp-json\/wp\/v2\/comments?post=3960"}],"version-history":[{"count":1,"href":"https:\/\/work2go.se\/en\/wp-json\/wp\/v2\/posts\/3960\/revisions"}],"predecessor-version":[{"id":3961,"href":"https:\/\/work2go.se\/en\/wp-json\/wp\/v2\/posts\/3960\/revisions\/3961"}],"wp:attachment":[{"href":"https:\/\/work2go.se\/en\/wp-json\/wp\/v2\/media?parent=3960"}],"wp:term":[{"taxonomy":"category","embeddable":true,"href":"https:\/\/work2go.se\/en\/wp-json\/wp\/v2\/categories?post=3960"},{"taxonomy":"post_tag","embeddable":true,"href":"https:\/\/work2go.se\/en\/wp-json\/wp\/v2\/tags?post=3960"}],"curies":[{"name":"wp","href":"https:\/\/api.w.org\/{rel}","templated":true}]}}